{"id":14,"date":"2025-05-01T01:31:06","date_gmt":"2025-04-30T23:31:06","guid":{"rendered":"https:\/\/news.all-the-products.com\/assurances-professionnelles\/?p=14"},"modified":"2025-05-05T16:25:30","modified_gmt":"2025-05-05T14:25:30","slug":"assurance-decenale","status":"publish","type":"post","link":"https:\/\/news.all-the-products.com\/assurances-professionnelles\/2025\/05\/01\/assurance-decenale\/","title":{"rendered":"Assurance DECENALE"},"content":{"rendered":"\n<p><strong>Assurance D\u00e9cennale (pour le BTP):<\/strong><\/p>\n\n\n\n<ul class=\"wp-block-list\">\n<li>Pr\u00e9sentation de la garantie d\u00e9cennale (obligations, dur\u00e9e)<\/li>\n\n\n\n<li>Acteurs concern\u00e9s (constructeurs, promoteurs, etc.)<\/li>\n\n\n\n<li>Garanties couvertes (malfa\u00e7ons affectant la solidit\u00e9 ou l&rsquo;usage)<\/li>\n\n\n\n<li>Demande de devis d\u00e9cennale<\/li>\n<\/ul>\n","protected":false},"excerpt":{"rendered":"<p>Assurance D\u00e9cennale (pour le BTP):<\/p>\n","protected":false},"author":1,"featured_media":0,"comment_status":"open","ping_status":"open","sticky":false,"template":"","format":"standard","meta":{"footnotes":""},"categories":[1],"tags":[],"class_list":["post-14","post","type-post","status-publish","format-standard","hentry","category-non-classe"],"_links":{"self":[{"href":"https:\/\/news.all-the-products.com\/assurances-professionnelles\/wp-json\/wp\/v2\/posts\/14","targetHints":{"allow":["GET"]}}],"collection":[{"href":"https:\/\/news.all-the-products.com\/assurances-professionnelles\/wp-json\/wp\/v2\/posts"}],"about":[{"href":"https:\/\/news.all-the-products.com\/assurances-professionnelles\/wp-json\/wp\/v2\/types\/post"}],"author":[{"embeddable":true,"href":"https:\/\/news.all-the-products.com\/assurances-professionnelles\/wp-json\/wp\/v2\/users\/1"}],"replies":[{"embeddable":true,"href":"https:\/\/news.all-the-products.com\/assurances-professionnelles\/wp-json\/wp\/v2\/comments?post=14"}],"version-history":[{"count":2,"href":"https:\/\/news.all-the-products.com\/assurances-professionnelles\/wp-json\/wp\/v2\/posts\/14\/revisions"}],"predecessor-version":[{"id":47,"href":"https:\/\/news.all-the-products.com\/assurances-professionnelles\/wp-json\/wp\/v2\/posts\/14\/revisions\/47"}],"wp:attachment":[{"href":"https:\/\/news.all-the-products.com\/assurances-professionnelles\/wp-json\/wp\/v2\/media?parent=14"}],"wp:term":[{"taxonomy":"category","embeddable":true,"href":"https:\/\/news.all-the-products.com\/assurances-professionnelles\/wp-json\/wp\/v2\/categories?post=14"},{"taxonomy":"post_tag","embeddable":true,"href":"https:\/\/news.all-the-products.com\/assurances-professionnelles\/wp-json\/wp\/v2\/tags?post=14"}],"curies":[{"name":"wp","href":"https:\/\/api.w.org\/{rel}","templated":true}]}}