{"id":170,"date":"2025-05-03T02:26:23","date_gmt":"2025-05-03T00:26:23","guid":{"rendered":"https:\/\/news.all-the-products.com\/finance-et-banque\/?p=170"},"modified":"2025-10-04T15:44:39","modified_gmt":"2025-10-04T13:44:39","slug":"systeme-de-retraite-en-france","status":"publish","type":"post","link":"https:\/\/news.all-the-products.com\/finance-et-banque\/systeme-de-retraite-en-france\/","title":{"rendered":"Syst\u00e8me de Retraite en France"},"content":{"rendered":"\n<p><strong>Syst\u00e8me de Retraite en France :<\/strong> Fonctionnement des r\u00e9gimes obligatoires (base et compl\u00e9mentaire).<\/p>\n\n\n\n<h2 class=\"wp-block-heading\">Le Principe Fondateur : Retraite par R\u00e9partition et Solidarit\u00e9 Interg\u00e9n\u00e9rationnelle<\/h2>\n\n\n\n<p>Le <strong>syst\u00e8me de retraite fran\u00e7ais<\/strong> repose avant tout sur le m\u00e9canisme de la <strong>r\u00e9partition<\/strong>. Ce mod\u00e8le, pilier de notre protection sociale, implique que les <strong>cotisations retraite<\/strong> vers\u00e9es par les <strong>actifs<\/strong> et leurs employeurs servent imm\u00e9diatement \u00e0 financer les <strong>pensions<\/strong> des retrait\u00e9s d&rsquo;aujourd&rsquo;hui. C&rsquo;est un engagement de <strong>solidarit\u00e9 interg\u00e9n\u00e9rationnelle<\/strong> obligatoire qui lie les diff\u00e9rentes classes d&rsquo;\u00e2ge. Ce financement, bien qu&rsquo;essentiel, est compl\u00e9t\u00e9 par des taxes affect\u00e9es aux r\u00e9gimes (comme au <strong>Fonds de Solidarit\u00e9 Vieillesse<\/strong> &#8211; FSV) pour assurer notamment le versement des minima sociaux et valider des p\u00e9riodes non travaill\u00e9es (ch\u00f4mage, maladie), garantissant ainsi un caract\u00e8re <strong>solidaire<\/strong> au dispositif.<\/p>\n\n\n\n<hr class=\"wp-block-separator has-alpha-channel-opacity\"\/>\n\n\n\n<h2 class=\"wp-block-heading\">Retraite de Base : Le Socle du R\u00e9gime G\u00e9n\u00e9ral (CNAV)<\/h2>\n\n\n\n<p>La <strong>retraite de base<\/strong> constitue le premier \u00e9tage obligatoire du syst\u00e8me. Pour les salari\u00e9s du secteur priv\u00e9 et les ind\u00e9pendants (rattach\u00e9s au <strong>r\u00e9gime g\u00e9n\u00e9ral<\/strong> depuis 2020), elle est g\u00e9r\u00e9e par l&rsquo;<strong>Assurance Retraite<\/strong> (CNAV ou Carsat en r\u00e9gion). Son calcul est bas\u00e9 sur une formule int\u00e9grant trois \u00e9l\u00e9ments cl\u00e9s : la <strong>dur\u00e9e d&rsquo;assurance<\/strong> (exprim\u00e9e en <strong>trimestres<\/strong> valid\u00e9s, jusqu&rsquo;\u00e0 4 par an), le <strong>revenu annuel moyen<\/strong> (calcul\u00e9 sur les <strong>25 meilleures ann\u00e9es<\/strong> de carri\u00e8re), et un <strong>taux de liquidation<\/strong> (maximum 50% pour le taux plein). Pour obtenir le <strong>taux plein<\/strong>, l&rsquo;assur\u00e9 doit atteindre soit l&rsquo;<strong>\u00e2ge du taux plein automatique<\/strong> (67 ans pour la plupart des g\u00e9n\u00e9rations n\u00e9es \u00e0 partir de 1955), soit la dur\u00e9e d&rsquo;assurance requise pour sa g\u00e9n\u00e9ration, variant progressivement jusqu&rsquo;\u00e0 <strong>172 trimestres<\/strong> pour les g\u00e9n\u00e9rations n\u00e9es \u00e0 partir de 1965.<\/p>\n\n\n\n<hr class=\"wp-block-separator has-alpha-channel-opacity\"\/>\n\n\n\n<h2 class=\"wp-block-heading\">Retraite Compl\u00e9mentaire : Le Fonctionnement par Points (Agirc-Arrco)<\/h2>\n\n\n\n<p>Le second niveau obligatoire est la <strong>retraite compl\u00e9mentaire<\/strong>, indispensable pour une pension compl\u00e8te. Pour la majorit\u00e9 des <strong>salari\u00e9s du priv\u00e9<\/strong>, ce r\u00e9gime est administr\u00e9 par l&rsquo;<strong>Agirc-Arrco<\/strong>, fusion des anciennes caisses cadres et non-cadres. Contrairement \u00e0 la base qui fonctionne par trimestres et annuit\u00e9s, la compl\u00e9mentaire utilise un <strong>syst\u00e8me par points<\/strong>. Les cotisations vers\u00e9es tout au long de la carri\u00e8re sont transform\u00e9es en <strong>points de retraite<\/strong>. Au moment de la <strong>liquidation de la retraite<\/strong>, le montant de la pension compl\u00e9mentaire est simplement obtenu en multipliant le <strong>nombre total de points acquis<\/strong> par la <strong>valeur de service du point<\/strong> en vigueur, garantissant une meilleure lisibilit\u00e9 des droits acquis.<\/p>\n\n\n\n<hr class=\"wp-block-separator has-alpha-channel-opacity\"\/>\n\n\n\n<h2 class=\"wp-block-heading\">D\u00e9terminer l&rsquo;\u00c2ge de D\u00e9part : \u00c2ge L\u00e9gal et Taux Plein<\/h2>\n\n\n\n<p>L&rsquo;acc\u00e8s \u00e0 la retraite est encadr\u00e9 par deux seuils d&rsquo;\u00e2ge majeurs. L&rsquo;<strong>\u00e2ge l\u00e9gal de d\u00e9part \u00e0 la retraite<\/strong> repr\u00e9sente l&rsquo;\u00e2ge minimum pour demander la liquidation de ses droits. Suite aux r\u00e9formes, il est relev\u00e9 progressivement pour atteindre <strong>64 ans<\/strong> pour les assur\u00e9s n\u00e9s \u00e0 partir de 1968. Partir avant l&rsquo;\u00e2ge du taux plein (ou sans la dur\u00e9e d&rsquo;assurance requise) entra\u00eene une <strong>d\u00e9cote<\/strong> (r\u00e9duction) de la pension. Inversement, travailler au-del\u00e0 de l&rsquo;\u00e2ge et de la dur\u00e9e requise permet de b\u00e9n\u00e9ficier d&rsquo;une <strong>surcote<\/strong>, augmentant le montant de la retraite de base de 1,25% par trimestre suppl\u00e9mentaire, incitant \u00e0 une poursuite d&rsquo;activit\u00e9.<\/p>\n\n\n\n<hr class=\"wp-block-separator has-alpha-channel-opacity\"\/>\n\n\n\n<h2 class=\"wp-block-heading\">M\u00e9canismes de Calcul : Trimestres et Revenu Moyen<\/h2>\n\n\n\n<p>La validation des <strong>trimestres pour la retraite<\/strong> de base n&rsquo;est pas li\u00e9e au temps de travail effectif, mais au niveau de revenu cotis\u00e9. Pour valider un trimestre, l&rsquo;assur\u00e9 doit avoir per\u00e7u un revenu soumis \u00e0 cotisation \u00e9quivalent \u00e0 <strong>150 fois le SMIC horaire brut<\/strong>. Seuls quatre trimestres maximum peuvent \u00eatre valid\u00e9s par an, peu importe le niveau de salaire exc\u00e9dant ce plafond annuel. Le montant final de la pension de base est ainsi directement proportionnel \u00e0 la moyenne des <strong>revenus les plus \u00e9lev\u00e9s<\/strong> sur 25 ans et au ratio entre la dur\u00e9e d&rsquo;assurance r\u00e9ellement acquise et la dur\u00e9e requise pour le taux plein. Ces r\u00e8gles de calcul sont essentielles pour toute <strong>estimation retraite<\/strong>.<\/p>\n","protected":false},"excerpt":{"rendered":"<p>Syst\u00e8me de Retraite en France : Fonctionnement des r\u00e9gimes obligatoires (base et compl\u00e9mentaire). Le Principe Fondateur : Retraite par R\u00e9partition et Solidarit\u00e9 Interg\u00e9n\u00e9rationnelle Le syst\u00e8me de retraite fran\u00e7ais repose avant tout sur le m\u00e9canisme de la r\u00e9partition. Ce mod\u00e8le, pilier de notre protection sociale, implique que les cotisations retraite vers\u00e9es par les actifs et leurs&#8230;<\/p>\n","protected":false},"author":1,"featured_media":289,"comment_status":"open","ping_status":"open","sticky":false,"template":"","format":"standard","meta":{"footnotes":""},"categories":[25,26],"tags":[],"class_list":["post-170","post","type-post","status-publish","format-standard","has-post-thumbnail","hentry","category-preparation-de-la-retraite","category-systeme-de-retraite-en-france"],"_links":{"self":[{"href":"https:\/\/news.all-the-products.com\/finance-et-banque\/wp-json\/wp\/v2\/posts\/170","targetHints":{"allow":["GET"]}}],"collection":[{"href":"https:\/\/news.all-the-products.com\/finance-et-banque\/wp-json\/wp\/v2\/posts"}],"about":[{"href":"https:\/\/news.all-the-products.com\/finance-et-banque\/wp-json\/wp\/v2\/types\/post"}],"author":[{"embeddable":true,"href":"https:\/\/news.all-the-products.com\/finance-et-banque\/wp-json\/wp\/v2\/users\/1"}],"replies":[{"embeddable":true,"href":"https:\/\/news.all-the-products.com\/finance-et-banque\/wp-json\/wp\/v2\/comments?post=170"}],"version-history":[{"count":3,"href":"https:\/\/news.all-the-products.com\/finance-et-banque\/wp-json\/wp\/v2\/posts\/170\/revisions"}],"predecessor-version":[{"id":290,"href":"https:\/\/news.all-the-products.com\/finance-et-banque\/wp-json\/wp\/v2\/posts\/170\/revisions\/290"}],"wp:featuredmedia":[{"embeddable":true,"href":"https:\/\/news.all-the-products.com\/finance-et-banque\/wp-json\/wp\/v2\/media\/289"}],"wp:attachment":[{"href":"https:\/\/news.all-the-products.com\/finance-et-banque\/wp-json\/wp\/v2\/media?parent=170"}],"wp:term":[{"taxonomy":"category","embeddable":true,"href":"https:\/\/news.all-the-products.com\/finance-et-banque\/wp-json\/wp\/v2\/categories?post=170"},{"taxonomy":"post_tag","embeddable":true,"href":"https:\/\/news.all-the-products.com\/finance-et-banque\/wp-json\/wp\/v2\/tags?post=170"}],"curies":[{"name":"wp","href":"https:\/\/api.w.org\/{rel}","templated":true}]}}