{"id":174,"date":"2025-05-03T02:27:02","date_gmt":"2025-05-03T00:27:02","guid":{"rendered":"https:\/\/news.all-the-products.com\/finance-et-banque\/?p=174"},"modified":"2025-10-04T15:35:18","modified_gmt":"2025-10-04T13:35:18","slug":"epargne-retraite-collective","status":"publish","type":"post","link":"https:\/\/news.all-the-products.com\/finance-et-banque\/epargne-retraite-collective\/","title":{"rendered":"\u00c9pargne Retraite Collective"},"content":{"rendered":"\n<p><strong>\u00c9pargne Retraite Collective :<\/strong> Pr\u00e9sentation du PER d&rsquo;entreprise et autres dispositifs.<br><\/p>\n\n\n\n<h2 class=\"wp-block-heading\">Le PER Collectif (PERECO) : Pilier de l&rsquo;\u00c9pargne Retraite en Entreprise<\/h2>\n\n\n\n<p>Le <strong>Plan d&rsquo;\u00c9pargne Retraite d&rsquo;Entreprise Collectif (PERECO)<\/strong>, h\u00e9ritier du PERCO, s&rsquo;impose comme la solution centrale pour pr\u00e9parer sa retraite via l&rsquo;entreprise. Ce dispositif d&rsquo;\u00e9pargne salariale \u00e0 adh\u00e9sion facultative permet aux salari\u00e9s de se constituer un capital compl\u00e9mentaire bloqu\u00e9 jusqu&rsquo;au d\u00e9part en retraite, sauf cas de d\u00e9blocage anticip\u00e9 sp\u00e9cifiques (comme l&rsquo;acquisition de la <strong>r\u00e9sidence principale<\/strong>). Son alimentation est multiple, int\u00e9grant l&rsquo;int\u00e9ressement, la participation, la Prime de Partage de la Valeur (PPV), les versements volontaires du salari\u00e9, et surtout, un puissant <strong>abondement de l&#8217;employeur<\/strong>. Pour l&rsquo;entreprise, proposer un PERECO repr\u00e9sente un levier social fort, am\u00e9liorant l&rsquo;<strong>attractivit\u00e9<\/strong> et la <strong>fid\u00e9lisation<\/strong> des talents tout en b\u00e9n\u00e9ficiant d&rsquo;un cadre social et fiscal avantageux.<\/p>\n\n\n\n<hr class=\"wp-block-separator has-alpha-channel-opacity\"\/>\n\n\n\n<h2 class=\"wp-block-heading\">Optimisation Fiscale : Les Avantages Cl\u00e9s des Plans Retraite d&rsquo;Entreprise<\/h2>\n\n\n\n<p>L&rsquo;un des atouts majeurs du <strong>PER Collectif<\/strong> r\u00e9side dans sa <strong>fiscalit\u00e9 privil\u00e9gi\u00e9e<\/strong>, un crit\u00e8re d\u00e9terminant pour les \u00e9pargnants. Les <strong>versements volontaires<\/strong> effectu\u00e9s par le salari\u00e9 sont, au choix, <strong>d\u00e9ductibles du revenu imposable<\/strong> dans les limites l\u00e9gales, offrant une r\u00e9duction imm\u00e9diate de l&rsquo;imp\u00f4t sur le revenu \u00e0 l&rsquo;entr\u00e9e. De plus, l&rsquo;<strong>abondement de l&#8217;employeur<\/strong> est totalement <strong>exon\u00e9r\u00e9 d&rsquo;imp\u00f4t sur le revenu<\/strong> pour le b\u00e9n\u00e9ficiaire (m\u00eame s&rsquo;il reste soumis \u00e0 la CSG\/CRDS). \u00c0 la sortie, le PER Collectif offre une flexibilit\u00e9 in\u00e9dite : l&rsquo;\u00e9pargne peut \u00eatre r\u00e9cup\u00e9r\u00e9e en <strong>capital<\/strong>, en <strong>rente viag\u00e8re<\/strong>, ou un m\u00e9lange des deux. Cette souplesse, notamment la sortie en capital d\u00e9fiscalis\u00e9e (selon la source des versements), est tr\u00e8s recherch\u00e9e.<\/p>\n\n\n\n<hr class=\"wp-block-separator has-alpha-channel-opacity\"\/>\n\n\n\n<h2 class=\"wp-block-heading\">PEE vs PERECO et PERO : Distinguer les Objectifs d&rsquo;\u00c9pargne Salariale<\/h2>\n\n\n\n<p>Il est crucial de bien diff\u00e9rencier le <strong>PEE (Plan d&rsquo;\u00c9pargne Entreprise)<\/strong> du <strong>PERECO<\/strong> et du <strong>PERO (Plan d&rsquo;\u00c9pargne Retraite Obligatoire)<\/strong>. Le PEE est con\u00e7u pour une <strong>\u00e9pargne \u00e0 moyen terme<\/strong>, avec une dur\u00e9e de blocage de 5 ans (sauf cas de d\u00e9blocage anticip\u00e9 classiques, comme le mariage ou l&rsquo;achat immobilier). Il cible les projets \u00e0 court\/moyen terme. \u00c0 l&rsquo;inverse, le PERECO et le PERO visent exclusivement la <strong>pr\u00e9paration de la retraite<\/strong>, bloquant les fonds jusqu&rsquo;\u00e0 cette \u00e9ch\u00e9ance (ou d\u00e9blocage pour la r\u00e9sidence principale). Le <strong>PERO<\/strong> se distingue par son caract\u00e8re <strong>obligatoire<\/strong> pour une cat\u00e9gorie de salari\u00e9s (cadres ou tous les employ\u00e9s), imposant des versements sp\u00e9cifiques. Comprendre cette distinction d&rsquo;objectifs (moyen terme vs. retraite) est fondamental pour une strat\u00e9gie d&rsquo;<strong>\u00e9pargne d&rsquo;entreprise<\/strong> efficace.<\/p>\n\n\n\n<hr class=\"wp-block-separator has-alpha-channel-opacity\"\/>\n\n\n\n<h2 class=\"wp-block-heading\">La Portabilit\u00e9 du PER : Une R\u00e9ponse \u00e0 la Mobilit\u00e9 Professionnelle<\/h2>\n\n\n\n<p>La <strong>loi PACTE<\/strong> a r\u00e9volutionn\u00e9 l&rsquo;\u00e9pargne en introduisant une forte <strong>portabilit\u00e9<\/strong> pour le <strong>PER<\/strong>. Que l&rsquo;\u00e9pargnant d\u00e9tienne un <strong>PER Individuel (PERIN)<\/strong>, un <strong>PER Collectif (PERECO)<\/strong> ou un <strong>PER Obligatoire (PERO)<\/strong>, le principe est le m\u00eame : le plan le suit tout au long de sa carri\u00e8re, m\u00eame en cas de <strong>changement d&#8217;employeur<\/strong> ou de statut professionnel. Concr\u00e8tement, l&rsquo;\u00e9pargne accumul\u00e9e est <strong>transf\u00e9rable<\/strong> d&rsquo;un PER d&rsquo;entreprise \u00e0 un autre, ou vers un PER individuel. Ce m\u00e9canisme de <strong>regroupement<\/strong> de comptes facilite la gestion, \u00e9vite les frais de tenue de compte apr\u00e8s un d\u00e9part de l&rsquo;entreprise, et assure la <strong>continuit\u00e9 fiscale<\/strong> des droits acquis, un avantage consid\u00e9rable dans un monde du travail o\u00f9 la <strong>mobilit\u00e9 professionnelle<\/strong> est la norme.<\/p>\n\n\n\n<hr class=\"wp-block-separator has-alpha-channel-opacity\"\/>\n\n\n\n<h2 class=\"wp-block-heading\">Contribuer au Bien-\u00eatre Social : Le PER Collectif au Service de la Marque Employeur<\/h2>\n\n\n\n<p>Au-del\u00e0 des b\u00e9n\u00e9fices purement financiers, l&rsquo;instauration d&rsquo;un <strong>Plan d&rsquo;\u00c9pargne Retraite Collectif<\/strong> est un puissant outil de <strong>politique sociale<\/strong> pour les entreprises. En offrant un cadre structur\u00e9 et fiscalement avantageux pour garantir un compl\u00e9ment de revenu \u00e0 leurs collaborateurs, l&rsquo;entreprise d\u00e9montre un engagement concret dans le <strong>bien-\u00eatre financier<\/strong> futur de ses \u00e9quipes. Ce soutien actif \u00e0 l&rsquo;<strong>anticipation de la retraite<\/strong> contribue significativement \u00e0 <strong>renforcer la marque employeur<\/strong>, attirant des profils qualifi\u00e9s et p\u00e9rennisant les relations de travail. Le <strong>PER Collectif<\/strong> est donc per\u00e7u par les salari\u00e9s comme un avantage social valorisant, jouant un r\u00f4le cl\u00e9 dans la <strong>motivation<\/strong> et la <strong>fid\u00e9lit\u00e9<\/strong> au sein de l&rsquo;entreprise<\/p>\n","protected":false},"excerpt":{"rendered":"<p>\u00c9pargne Retraite Collective : Pr\u00e9sentation du PER d&rsquo;entreprise et autres dispositifs. Le PER Collectif (PERECO) : Pilier de l&rsquo;\u00c9pargne Retraite en Entreprise Le Plan d&rsquo;\u00c9pargne Retraite d&rsquo;Entreprise Collectif (PERECO), h\u00e9ritier du PERCO, s&rsquo;impose comme la solution centrale pour pr\u00e9parer sa retraite via l&rsquo;entreprise. Ce dispositif d&rsquo;\u00e9pargne salariale \u00e0 adh\u00e9sion facultative permet aux salari\u00e9s de se&#8230;<\/p>\n","protected":false},"author":1,"featured_media":283,"comment_status":"open","ping_status":"open","sticky":false,"template":"","format":"standard","meta":{"footnotes":""},"categories":[28,25],"tags":[],"class_list":["post-174","post","type-post","status-publish","format-standard","has-post-thumbnail","hentry","category-epargne-retraite-collective","category-preparation-de-la-retraite"],"_links":{"self":[{"href":"https:\/\/news.all-the-products.com\/finance-et-banque\/wp-json\/wp\/v2\/posts\/174","targetHints":{"allow":["GET"]}}],"collection":[{"href":"https:\/\/news.all-the-products.com\/finance-et-banque\/wp-json\/wp\/v2\/posts"}],"about":[{"href":"https:\/\/news.all-the-products.com\/finance-et-banque\/wp-json\/wp\/v2\/types\/post"}],"author":[{"embeddable":true,"href":"https:\/\/news.all-the-products.com\/finance-et-banque\/wp-json\/wp\/v2\/users\/1"}],"replies":[{"embeddable":true,"href":"https:\/\/news.all-the-products.com\/finance-et-banque\/wp-json\/wp\/v2\/comments?post=174"}],"version-history":[{"count":3,"href":"https:\/\/news.all-the-products.com\/finance-et-banque\/wp-json\/wp\/v2\/posts\/174\/revisions"}],"predecessor-version":[{"id":284,"href":"https:\/\/news.all-the-products.com\/finance-et-banque\/wp-json\/wp\/v2\/posts\/174\/revisions\/284"}],"wp:featuredmedia":[{"embeddable":true,"href":"https:\/\/news.all-the-products.com\/finance-et-banque\/wp-json\/wp\/v2\/media\/283"}],"wp:attachment":[{"href":"https:\/\/news.all-the-products.com\/finance-et-banque\/wp-json\/wp\/v2\/media?parent=174"}],"wp:term":[{"taxonomy":"category","embeddable":true,"href":"https:\/\/news.all-the-products.com\/finance-et-banque\/wp-json\/wp\/v2\/categories?post=174"},{"taxonomy":"post_tag","embeddable":true,"href":"https:\/\/news.all-the-products.com\/finance-et-banque\/wp-json\/wp\/v2\/tags?post=174"}],"curies":[{"name":"wp","href":"https:\/\/api.w.org\/{rel}","templated":true}]}}